{"id":3195,"date":"2024-10-21T12:10:54","date_gmt":"2024-10-21T10:10:54","guid":{"rendered":"https:\/\/fratelli-roda.ch\/circularite-et-durabilite-du-carton\/"},"modified":"2024-10-21T12:22:37","modified_gmt":"2024-10-21T10:22:37","slug":"circularite-et-durabilite-du-carton","status":"publish","type":"post","link":"https:\/\/fratelli-roda.ch\/fr\/circularite-et-durabilite-du-carton\/","title":{"rendered":"Circularit\u00e9 et durabilit\u00e9 du carton"},"content":{"rendered":"\t\t<div data-elementor-type=\"wp-post\" data-elementor-id=\"3195\" class=\"elementor elementor-3195 elementor-3183\" data-elementor-post-type=\"post\">\n\t\t\t\t\t\t<section class=\"elementor-section elementor-top-section elementor-element elementor-element-622ac485 elementor-section-boxed elementor-section-height-default elementor-section-height-default wpr-particle-no wpr-jarallax-no wpr-parallax-no wpr-sticky-section-no\" data-id=\"622ac485\" data-element_type=\"section\" data-settings=\"{&quot;background_background&quot;:&quot;classic&quot;}\">\n\t\t\t\t\t\t<div class=\"elementor-container elementor-column-gap-no\">\n\t\t\t\t\t<div class=\"elementor-column elementor-col-50 elementor-top-column elementor-element elementor-element-64fea51b\" data-id=\"64fea51b\" data-element_type=\"column\">\n\t\t\t<div class=\"elementor-widget-wrap elementor-element-populated\">\n\t\t\t\t\t\t<div class=\"elementor-element elementor-element-42764d6 elementor-widget elementor-widget-heading\" data-id=\"42764d6\" data-element_type=\"widget\" data-widget_type=\"heading.default\">\n\t\t\t\t<div class=\"elementor-widget-container\">\n\t\t\t<style>\/*! elementor - v3.19.0 - 28-02-2024 *\/\n.elementor-heading-title{padding:0;margin:0;line-height:1}.elementor-widget-heading .elementor-heading-title[class*=elementor-size-]>a{color:inherit;font-size:inherit;line-height:inherit}.elementor-widget-heading .elementor-heading-title.elementor-size-small{font-size:15px}.elementor-widget-heading .elementor-heading-title.elementor-size-medium{font-size:19px}.elementor-widget-heading .elementor-heading-title.elementor-size-large{font-size:29px}.elementor-widget-heading .elementor-heading-title.elementor-size-xl{font-size:39px}.elementor-widget-heading .elementor-heading-title.elementor-size-xxl{font-size:59px}<\/style><h5 class=\"elementor-heading-title elementor-size-default\">Circularit\u00e9 et durabilit\u00e9 du carton<\/h5>\t\t<\/div>\n\t\t\t\t<\/div>\n\t\t\t\t<div class=\"elementor-element elementor-element-39afd1ca elementor-widget elementor-widget-text-editor\" data-id=\"39afd1ca\" data-element_type=\"widget\" data-widget_type=\"text-editor.default\">\n\t\t\t\t<div class=\"elementor-widget-container\">\n\t\t\t<style>\/*! elementor - v3.19.0 - 28-02-2024 *\/\n.elementor-widget-text-editor.elementor-drop-cap-view-stacked .elementor-drop-cap{background-color:#69727d;color:#fff}.elementor-widget-text-editor.elementor-drop-cap-view-framed .elementor-drop-cap{color:#69727d;border:3px solid;background-color:transparent}.elementor-widget-text-editor:not(.elementor-drop-cap-view-default) .elementor-drop-cap{margin-top:8px}.elementor-widget-text-editor:not(.elementor-drop-cap-view-default) .elementor-drop-cap-letter{width:1em;height:1em}.elementor-widget-text-editor .elementor-drop-cap{float:left;text-align:center;line-height:1;font-size:50px}.elementor-widget-text-editor .elementor-drop-cap-letter{display:inline-block}<\/style>\t\t\t\t<span style=\"font-weight: 400;\">L&rsquo;industrie de l&#8217;emballage carton se caract\u00e9rise par la durabilit\u00e9 et l&rsquo;importance de l&rsquo;\u00e9conomie circulaire, car les d\u00e9riv\u00e9s de la cellulose sont des ressources renouvelables et facilement recyclables. Les fibres de carton peuvent \u00eatre recycl\u00e9es plus de 25 fois et sont en outre compostables \u00e0 la fin de leur cycle de vie.\u00a0<\/span>\r\n\r\n<span style=\"font-weight: 400;\">Les propri\u00e9t\u00e9s physiques, les technologies industrielles et les raffinements graphiques font des bo\u00eetes en carton une option id\u00e9ale pour l&#8217;emballage de divers produits, y compris les aliments, les produits pharmaceutiques et les cosm\u00e9tiques. Elles sont capables de garantir la conservation et la protection du contenu face \u00e0 des conditions climatiques qui peuvent subir des variations mod\u00e9r\u00e9es, telles que l&rsquo;humidit\u00e9 et la temp\u00e9rature, et des impacts accidentels.<\/span>\r\n\r\n<span style=\"font-weight: 400;\">La durabilit\u00e9 du carton est \u00e9troitement li\u00e9e \u00e0 la gestion des for\u00eats, qui couvrent 40 % des 159 millions d&rsquo;hectares de l&rsquo;Europe. Les for\u00eats europ\u00e9ennes fournissent non seulement des mati\u00e8res premi\u00e8res renouvelables, mais elles sont \u00e9galement en pleine croissance : entre 2005 et 2020, elles se sont \u00e9tendues de plus de 58 000 km\u00b2, soit une augmentation de 30 % depuis les ann\u00e9es 1950. Ces for\u00eats, situ\u00e9es principalement en Su\u00e8de, en Finlande, en Allemagne, en France et en Autriche, ne sont pas seulement une source de fibres pour le carton, elles soutiennent \u00e9galement les communaut\u00e9s locales et offrent des possibilit\u00e9s d&#8217;emploi, de loisirs et d&rsquo;\u00e9nergie renouvelable.<\/span>\r\n\r\n<span id=\"docs-internal-guid-7814ec5f-7fff-421a-5660-37a0f2bd816e\"><span style=\"font-size: 12pt; font-family: Aptos; color: #000000; background-color: transparent; font-variant-numeric: normal; font-variant-east-asian: normal; font-variant-alternates: normal; font-variant-position: normal; vertical-align: baseline; white-space-collapse: preserve;\"><span style=\"border: none; display: inline-block; overflow: hidden; width: 643px; height: 457px;\"><img fetchpriority=\"high\" decoding=\"async\" style=\"margin-left: 0px; margin-top: 0px;\" src=\"https:\/\/lh7-rt.googleusercontent.com\/docsz\/AD_4nXfEPf6hmc5Mny8anA_8O5rP3NKRBbD4B7BRD6MMjx6lvJneqbL2JuJKA_-dcyruW6eukBUfwgTlA6rBCgHMAPRTKUJ-Uib_wjS8q17o8hhC2ULDhQDcuLGdFyGKhSHP1ilqpAypnCUgR1BIESIKeyHfouMikFzGgzkLVG55tBtj2xU8ocEio7k?key=Bz3ulQR6gB-GHAK5mt2w1w\" alt=\"Immagine che contiene testo, diagramma, schermata, mappa Descrizione generata automaticamente\" width=\"643\" height=\"457\" \/><\/span><\/span><\/span>\r\n\r\n<span style=\"font-weight: 400;\">L&rsquo;Union europ\u00e9enne, avec sa strat\u00e9gie foresti\u00e8re 2030, pr\u00e9voit de planter 3 milliards de nouveaux arbres d&rsquo;ici la fin de la d\u00e9cennie. Ce plan fait partie du paquet \u00ab Fit for 55 \u00bb et est soutenu par l&rsquo;industrie du papier et de la p\u00e2te \u00e0 papier.\u00a0<\/span>\r\n\r\n<span style=\"font-weight: 400;\">La gestion durable des for\u00eats est essentielle pour garantir que les for\u00eats conservent leur biodiversit\u00e9 et leur productivit\u00e9 sans causer de dommages \u00e0 d&rsquo;autres \u00e9cosyst\u00e8mes. Cette gestion comprend une s\u00e9rie de r\u00e9glementations, de lois et d&rsquo;accords au niveau national et europ\u00e9en, ainsi que des certifications foresti\u00e8res qui garantissent que plus d&rsquo;arbres sont plant\u00e9s que r\u00e9colt\u00e9s, assurant ainsi la durabilit\u00e9 des ressources \u00e0 long terme.<\/span>\r\n\r\n<span style=\"font-weight: 400;\">Source bibliographique <\/span><a href=\"https:\/\/www.procarton.com\"><span style=\"font-weight: 400;\">: https:\/\/www.procarton.com<\/span><\/a><span style=\"font-weight: 400;\">.\u00a0<\/span>\r\n\r\n<span style=\"font-weight: 400;\">Pro Carton : Association europ\u00e9enne des fabricants de carton et de papier-carton<\/span>\t\t\t\t\t\t<\/div>\n\t\t\t\t<\/div>\n\t\t\t\t\t<\/div>\n\t\t<\/div>\n\t\t\t\t<div class=\"elementor-column elementor-col-50 elementor-top-column elementor-element elementor-element-41498c09\" data-id=\"41498c09\" data-element_type=\"column\">\n\t\t\t<div class=\"elementor-widget-wrap elementor-element-populated\">\n\t\t\t\t\t\t<section class=\"elementor-section elementor-inner-section elementor-element elementor-element-4063dd68 elementor-section-boxed elementor-section-height-default elementor-section-height-default wpr-particle-no wpr-jarallax-no wpr-parallax-no wpr-sticky-section-no\" data-id=\"4063dd68\" data-element_type=\"section\" data-settings=\"{&quot;background_background&quot;:&quot;classic&quot;}\">\n\t\t\t\t\t\t\t<div class=\"elementor-background-overlay\"><\/div>\n\t\t\t\t\t\t\t<div class=\"elementor-container elementor-column-gap-no\">\n\t\t\t\t\t<div class=\"elementor-column elementor-col-100 elementor-inner-column elementor-element elementor-element-1e2bb17f\" data-id=\"1e2bb17f\" data-element_type=\"column\">\n\t\t\t<div class=\"elementor-widget-wrap elementor-element-populated\">\n\t\t\t\t\t\t<div class=\"elementor-element elementor-element-743f7167 elementor-widget elementor-widget-heading\" data-id=\"743f7167\" data-element_type=\"widget\" data-widget_type=\"heading.default\">\n\t\t\t\t<div class=\"elementor-widget-container\">\n\t\t\t<h4 class=\"elementor-heading-title elementor-size-default\">Contactez-nous directement<\/h4>\t\t<\/div>\n\t\t\t\t<\/div>\n\t\t\t\t<div class=\"elementor-element elementor-element-6b2016e3 elementor-icon-list--layout-traditional elementor-list-item-link-full_width elementor-widget elementor-widget-icon-list\" data-id=\"6b2016e3\" data-element_type=\"widget\" data-widget_type=\"icon-list.default\">\n\t\t\t\t<div class=\"elementor-widget-container\">\n\t\t\t<link rel=\"stylesheet\" href=\"https:\/\/fratelli-roda.ch\/wp-content\/plugins\/elementor\/assets\/css\/widget-icon-list.min.css\">\t\t<ul class=\"elementor-icon-list-items\">\n\t\t\t\t\t\t\t<li class=\"elementor-icon-list-item\">\n\t\t\t\t\t\t\t\t\t\t\t<span class=\"elementor-icon-list-icon\">\n\t\t\t\t\t\t\t<svg aria-hidden=\"true\" class=\"e-font-icon-svg e-fas-phone-alt\" viewBox=\"0 0 512 512\" xmlns=\"http:\/\/www.w3.org\/2000\/svg\"><path d=\"M497.39 361.8l-112-48a24 24 0 0 0-28 6.9l-49.6 60.6A370.66 370.66 0 0 1 130.6 204.11l60.6-49.6a23.94 23.94 0 0 0 6.9-28l-48-112A24.16 24.16 0 0 0 122.6.61l-104 24A24 24 0 0 0 0 48c0 256.5 207.9 464 464 464a24 24 0 0 0 23.4-18.6l24-104a24.29 24.29 0 0 0-14.01-27.6z\"><\/path><\/svg>\t\t\t\t\t\t<\/span>\n\t\t\t\t\t\t\t\t\t\t<span class=\"elementor-icon-list-text\">(+41) 91 935 75 75<\/span>\n\t\t\t\t\t\t\t\t\t<\/li>\n\t\t\t\t\t\t\t\t<li class=\"elementor-icon-list-item\">\n\t\t\t\t\t\t\t\t\t\t\t<span class=\"elementor-icon-list-icon\">\n\t\t\t\t\t\t\t<svg aria-hidden=\"true\" class=\"e-font-icon-svg e-far-envelope\" viewBox=\"0 0 512 512\" xmlns=\"http:\/\/www.w3.org\/2000\/svg\"><path d=\"M464 64H48C21.49 64 0 85.49 0 112v288c0 26.51 21.49 48 48 48h416c26.51 0 48-21.49 48-48V112c0-26.51-21.49-48-48-48zm0 48v40.805c-22.422 18.259-58.168 46.651-134.587 106.49-16.841 13.247-50.201 45.072-73.413 44.701-23.208.375-56.579-31.459-73.413-44.701C106.18 199.465 70.425 171.067 48 152.805V112h416zM48 400V214.398c22.914 18.251 55.409 43.862 104.938 82.646 21.857 17.205 60.134 55.186 103.062 54.955 42.717.231 80.509-37.199 103.053-54.947 49.528-38.783 82.032-64.401 104.947-82.653V400H48z\"><\/path><\/svg>\t\t\t\t\t\t<\/span>\n\t\t\t\t\t\t\t\t\t\t<span class=\"elementor-icon-list-text\">info@fratelli-roda.ch<\/span>\n\t\t\t\t\t\t\t\t\t<\/li>\n\t\t\t\t\t\t<\/ul>\n\t\t\t\t<\/div>\n\t\t\t\t<\/div>\n\t\t\t\t\t<\/div>\n\t\t<\/div>\n\t\t\t\t\t<\/div>\n\t\t<\/section>\n\t\t\t\t\t<\/div>\n\t\t<\/div>\n\t\t\t\t\t<\/div>\n\t\t<\/section>\n\t\t\t\t<section class=\"elementor-section elementor-top-section elementor-element elementor-element-6b424038 elementor-section-height-min-height elementor-section-items-top elementor-section-boxed elementor-section-height-default wpr-particle-no wpr-jarallax-no wpr-parallax-no wpr-sticky-section-no\" data-id=\"6b424038\" data-element_type=\"section\" data-settings=\"{&quot;background_background&quot;:&quot;classic&quot;}\">\n\t\t\t\t\t\t<div class=\"elementor-container elementor-column-gap-no\">\n\t\t\t\t\t<div class=\"elementor-column elementor-col-50 elementor-top-column elementor-element elementor-element-29f08251\" data-id=\"29f08251\" data-element_type=\"column\">\n\t\t\t<div class=\"elementor-widget-wrap elementor-element-populated\">\n\t\t\t\t\t\t<div class=\"elementor-element elementor-element-33052667 elementor-invisible elementor-widget elementor-widget-heading\" data-id=\"33052667\" data-element_type=\"widget\" data-settings=\"{&quot;_animation&quot;:&quot;fadeInLeft&quot;}\" data-widget_type=\"heading.default\">\n\t\t\t\t<div class=\"elementor-widget-container\">\n\t\t\t<h1 class=\"elementor-heading-title elementor-size-default\">Autres publications<\/h1>\t\t<\/div>\n\t\t\t\t<\/div>\n\t\t\t\t<div class=\"elementor-element elementor-element-46688250 elementor-widget elementor-widget-text-editor\" data-id=\"46688250\" data-element_type=\"widget\" data-widget_type=\"text-editor.default\">\n\t\t\t\t<div class=\"elementor-widget-container\">\n\t\t\t\t\t\t\t<p>nos nouvelles les plus importantes<\/p>\n\t\t\t\t\t\t<\/div>\n\t\t\t\t<\/div>\n\t\t\t\t\t<\/div>\n\t\t<\/div>\n\t\t\t\t<div class=\"elementor-column elementor-col-50 elementor-top-column elementor-element elementor-element-109cb06c\" data-id=\"109cb06c\" data-element_type=\"column\">\n\t\t\t<div class=\"elementor-widget-wrap elementor-element-populated\">\n\t\t\t\t\t\t<div class=\"elementor-element elementor-element-34918c60 elementor-align-right elementor-widget__width-inherit elementor-widget-tablet__width-inherit elementor-mobile-align-center elementor-widget elementor-widget-button\" data-id=\"34918c60\" data-element_type=\"widget\" data-widget_type=\"button.default\">\n\t\t\t\t<div class=\"elementor-widget-container\">\n\t\t\t\t\t<div class=\"elementor-button-wrapper\">\n\t\t\t<a class=\"elementor-button elementor-button-link elementor-size-sm\" href=\"https:\/\/fratelli-roda.ch\/fr\/blog\/\">\n\t\t\t\t\t\t<span class=\"elementor-button-content-wrapper\">\n\t\t\t\t\t\t<span class=\"elementor-button-text\">En savoir plus<\/span>\n\t\t<\/span>\n\t\t\t\t\t<\/a>\n\t\t<\/div>\n\t\t\t\t<\/div>\n\t\t\t\t<\/div>\n\t\t\t\t\t<\/div>\n\t\t<\/div>\n\t\t\t\t\t<\/div>\n\t\t<\/section>\n\t\t\t\t<section class=\"elementor-section elementor-top-section elementor-element elementor-element-b02fd93 elementor-section-height-min-height elementor-section-boxed elementor-section-height-default elementor-section-items-middle wpr-particle-no wpr-jarallax-no wpr-parallax-no wpr-sticky-section-no\" data-id=\"b02fd93\" data-element_type=\"section\" data-settings=\"{&quot;background_background&quot;:&quot;classic&quot;}\">\n\t\t\t\t\t\t<div class=\"elementor-container elementor-column-gap-no\">\n\t\t\t\t\t<div class=\"elementor-column elementor-col-100 elementor-top-column elementor-element elementor-element-53f39923\" data-id=\"53f39923\" data-element_type=\"column\" data-settings=\"{&quot;background_background&quot;:&quot;classic&quot;}\">\n\t\t\t<div class=\"elementor-widget-wrap elementor-element-populated\">\n\t\t\t\t\t\t<div class=\"elementor-element elementor-element-342eeb80 elementor-grid-2 elementor-grid-tablet-2 elementor-grid-mobile-1 elementor-posts--thumbnail-top elementor-posts--show-avatar elementor-card-shadow-yes elementor-posts__hover-gradient elementor-widget elementor-widget-posts\" data-id=\"342eeb80\" data-element_type=\"widget\" data-settings=\"{&quot;cards_columns&quot;:&quot;2&quot;,&quot;cards_columns_tablet&quot;:&quot;2&quot;,&quot;cards_columns_mobile&quot;:&quot;1&quot;,&quot;cards_row_gap&quot;:{&quot;unit&quot;:&quot;px&quot;,&quot;size&quot;:35,&quot;sizes&quot;:[]},&quot;cards_row_gap_tablet&quot;:{&quot;unit&quot;:&quot;px&quot;,&quot;size&quot;:&quot;&quot;,&quot;sizes&quot;:[]},&quot;cards_row_gap_mobile&quot;:{&quot;unit&quot;:&quot;px&quot;,&quot;size&quot;:&quot;&quot;,&quot;sizes&quot;:[]}}\" data-widget_type=\"posts.cards\">\n\t\t\t\t<div class=\"elementor-widget-container\">\n\t\t\t<link rel=\"stylesheet\" href=\"https:\/\/fratelli-roda.ch\/wp-content\/plugins\/elementor-pro\/assets\/css\/widget-posts.min.css\">\t\t<div class=\"elementor-posts-container elementor-posts elementor-posts--skin-cards elementor-grid\">\n\t\t\t\t<article class=\"elementor-post elementor-grid-item post-3210 post type-post status-publish format-standard hentry category-actualites\">\n\t\t\t<div class=\"elementor-post__card\">\n\t\t\t\t<div class=\"elementor-post__text\">\n\t\t\t\t<h3 class=\"elementor-post__title\">\n\t\t\t<a href=\"https:\/\/fratelli-roda.ch\/fr\/circularite-et-durabilite-du-carton-2\/\" target=&quot;_blank&quot;>\n\t\t\t\tRecyclage : progr\u00e8s r\u00e9alis\u00e9s et objectifs futurs\t\t\t<\/a>\n\t\t<\/h3>\n\t\t\t\t<div class=\"elementor-post__excerpt\">\n\t\t\t<p>Le recyclage du papier et du carton en Europe atteint des taux record, avec 83,2 % en 2022, ce qui favorise la transition vers une \u00e9conomie circulaire durable et vise un objectif de 90 % d&rsquo;ici 2030.<\/p>\n\t\t<\/div>\n\t\t\t\t\t<div class=\"elementor-post__read-more-wrapper\">\n\t\t\n\t\t<a class=\"elementor-post__read-more\" href=\"https:\/\/fratelli-roda.ch\/fr\/circularite-et-durabilite-du-carton-2\/\" aria-label=\"En savoir plus sur Recyclage : progr\u00e8s r\u00e9alis\u00e9s et objectifs futurs\" tabindex=\"-1\" target=\"_blank\">\n\t\t\tLire la suite  \u00bb\t\t<\/a>\n\n\t\t\t\t\t<\/div>\n\t\t\t\t<\/div>\n\t\t\t\t<div class=\"elementor-post__meta-data\">\n\t\t\t\t\t<span class=\"elementor-post-date\">\n\t\t\t12 d\u00e9cembre 2024\t\t<\/span>\n\t\t\t\t<\/div>\n\t\t\t\t\t<\/div>\n\t\t<\/article>\n\t\t\t\t<article class=\"elementor-post elementor-grid-item post-3195 post type-post status-publish format-standard hentry category-actualites\">\n\t\t\t<div class=\"elementor-post__card\">\n\t\t\t\t<div class=\"elementor-post__text\">\n\t\t\t\t<h3 class=\"elementor-post__title\">\n\t\t\t<a href=\"https:\/\/fratelli-roda.ch\/fr\/circularite-et-durabilite-du-carton\/\" target=&quot;_blank&quot;>\n\t\t\t\tCircularit\u00e9 et durabilit\u00e9 du carton\t\t\t<\/a>\n\t\t<\/h3>\n\t\t\t\t<div class=\"elementor-post__excerpt\">\n\t\t\t<p>L&rsquo;industrie de l&#8217;emballage carton se caract\u00e9rise par la durabilit\u00e9 et l&rsquo;importance de l&rsquo;\u00e9conomie circulaire, car les d\u00e9riv\u00e9s de la cellulose sont des ressources renouvelables et facilement recyclables.<\/p>\n\t\t<\/div>\n\t\t\t\t\t<div class=\"elementor-post__read-more-wrapper\">\n\t\t\n\t\t<a class=\"elementor-post__read-more\" href=\"https:\/\/fratelli-roda.ch\/fr\/circularite-et-durabilite-du-carton\/\" aria-label=\"En savoir plus sur Circularit\u00e9 et durabilit\u00e9 du carton\" tabindex=\"-1\" target=\"_blank\">\n\t\t\tLire la suite  \u00bb\t\t<\/a>\n\n\t\t\t\t\t<\/div>\n\t\t\t\t<\/div>\n\t\t\t\t<div class=\"elementor-post__meta-data\">\n\t\t\t\t\t<span class=\"elementor-post-date\">\n\t\t\t21 octobre 2024\t\t<\/span>\n\t\t\t\t<\/div>\n\t\t\t\t\t<\/div>\n\t\t<\/article>\n\t\t\t\t<\/div>\n\t\t\n\t\t\t\t<\/div>\n\t\t\t\t<\/div>\n\t\t\t\t\t<\/div>\n\t\t<\/div>\n\t\t\t\t\t<\/div>\n\t\t<\/section>\n\t\t\t\t<\/div>\n\t\t","protected":false},"excerpt":{"rendered":"<p>L&rsquo;industrie de l&#8217;emballage carton se caract\u00e9rise par la durabilit\u00e9 et l&rsquo;importance de l&rsquo;\u00e9conomie circulaire, car les d\u00e9riv\u00e9s de la cellulose sont des ressources renouvelables et facilement recyclables.<\/p>\n","protected":false},"author":3,"featured_media":0,"comment_status":"closed","ping_status":"open","sticky":false,"template":"","format":"standard","meta":{"_acf_changed":false,"footnotes":""},"categories":[34],"tags":[],"class_list":["post-3195","post","type-post","status-publish","format-standard","hentry","category-actualites"],"acf":[],"_links":{"self":[{"href":"https:\/\/fratelli-roda.ch\/fr\/wp-json\/wp\/v2\/posts\/3195","targetHints":{"allow":["GET"]}}],"collection":[{"href":"https:\/\/fratelli-roda.ch\/fr\/wp-json\/wp\/v2\/posts"}],"about":[{"href":"https:\/\/fratelli-roda.ch\/fr\/wp-json\/wp\/v2\/types\/post"}],"author":[{"embeddable":true,"href":"https:\/\/fratelli-roda.ch\/fr\/wp-json\/wp\/v2\/users\/3"}],"replies":[{"embeddable":true,"href":"https:\/\/fratelli-roda.ch\/fr\/wp-json\/wp\/v2\/comments?post=3195"}],"version-history":[{"count":1,"href":"https:\/\/fratelli-roda.ch\/fr\/wp-json\/wp\/v2\/posts\/3195\/revisions"}],"predecessor-version":[{"id":3196,"href":"https:\/\/fratelli-roda.ch\/fr\/wp-json\/wp\/v2\/posts\/3195\/revisions\/3196"}],"wp:attachment":[{"href":"https:\/\/fratelli-roda.ch\/fr\/wp-json\/wp\/v2\/media?parent=3195"}],"wp:term":[{"taxonomy":"category","embeddable":true,"href":"https:\/\/fratelli-roda.ch\/fr\/wp-json\/wp\/v2\/categories?post=3195"},{"taxonomy":"post_tag","embeddable":true,"href":"https:\/\/fratelli-roda.ch\/fr\/wp-json\/wp\/v2\/tags?post=3195"}],"curies":[{"name":"wp","href":"https:\/\/api.w.org\/{rel}","templated":true}]}}